{"id":303244,"date":"2026-09-02T10:01:46","date_gmt":"2026-09-02T08:01:46","guid":{"rendered":"https:\/\/os-donji-kraljevec.skole.hr\/?p=303244"},"modified":"2026-09-02T10:01:48","modified_gmt":"2026-09-02T08:01:48","slug":"pocetak-nastave-2026-2027","status":"publish","type":"post","link":"https:\/\/os-donji-kraljevec.skole.hr\/?p=303244","title":{"rendered":"Po\u010detak nastave 2026.\/2027."},"content":{"rendered":"\n<p class=\"has-medium-font-size\">Po\u0161tovani roditelji i dragi u\u010denici!<\/p>\n\n\n\n<p class=\"has-medium-font-size\">Nastava zapo\u010dinje u\u00a0<strong>ponedjeljak 7. rujna 2026. u 8 sati.<\/strong>\u00a0Prva\u0161i\u0107i dolaze u pratnji odrasle osobe. Ponesite papu\u010de i torbe za ud\u017ebenike. Aktivnosti u \u0161koli su planirane do 9:30. Produ\u017eeni boravak kre\u0107e s radom od utorka 8. rujna 2026.<\/p>\n\n\n\n<p class=\"has-medium-font-size\">Svim u\u010denicima i roditeljima \u017eelimo sretan i uspje\u0161an po\u010detak nove nastavne godine!<\/p>\n","protected":false},"excerpt":{"rendered":"<p>Po\u0161tovani roditelji i dragi u\u010denici! Nastava zapo\u010dinje u\u00a0ponedjeljak 7. rujna 2026. u 8 sati.\u00a0Prva\u0161i\u0107i dolaze u pratnji odrasle osobe. Ponesite papu\u010de i torbe za ud\u017ebenike. Aktivnosti u \u0161koli su planirane do 9:30. Produ\u017eeni boravak kre\u0107e s radom od utorka 8. rujna 2026. Svim u\u010denicima i roditeljima \u017eelimo sretan i uspje\u0161an po\u010detak nove nastavne godine!<\/p>\n","protected":false},"author":446,"featured_media":303247,"comment_status":"closed","ping_status":"closed","sticky":false,"template":"","format":"standard","meta":{"_et_pb_use_builder":"off","_et_pb_old_content":"","_et_gb_content_width":"","footnotes":""},"categories":[38],"tags":[],"class_list":["post-303244","post","type-post","status-publish","format-standard","has-post-thumbnail","hentry","category-vijesti"],"_links":{"self":[{"href":"https:\/\/os-donji-kraljevec.skole.hr\/index.php?rest_route=\/wp\/v2\/posts\/303244","targetHints":{"allow":["GET"]}}],"collection":[{"href":"https:\/\/os-donji-kraljevec.skole.hr\/index.php?rest_route=\/wp\/v2\/posts"}],"about":[{"href":"https:\/\/os-donji-kraljevec.skole.hr\/index.php?rest_route=\/wp\/v2\/types\/post"}],"author":[{"embeddable":true,"href":"https:\/\/os-donji-kraljevec.skole.hr\/index.php?rest_route=\/wp\/v2\/users\/446"}],"replies":[{"embeddable":true,"href":"https:\/\/os-donji-kraljevec.skole.hr\/index.php?rest_route=%2Fwp%2Fv2%2Fcomments&post=303244"}],"version-history":[{"count":1,"href":"https:\/\/os-donji-kraljevec.skole.hr\/index.php?rest_route=\/wp\/v2\/posts\/303244\/revisions"}],"predecessor-version":[{"id":303250,"href":"https:\/\/os-donji-kraljevec.skole.hr\/index.php?rest_route=\/wp\/v2\/posts\/303244\/revisions\/303250"}],"wp:featuredmedia":[{"embeddable":true,"href":"https:\/\/os-donji-kraljevec.skole.hr\/index.php?rest_route=\/wp\/v2\/media\/303247"}],"wp:attachment":[{"href":"https:\/\/os-donji-kraljevec.skole.hr\/index.php?rest_route=%2Fwp%2Fv2%2Fmedia&parent=303244"}],"wp:term":[{"taxonomy":"category","embeddable":true,"href":"https:\/\/os-donji-kraljevec.skole.hr\/index.php?rest_route=%2Fwp%2Fv2%2Fcategories&post=303244"},{"taxonomy":"post_tag","embeddable":true,"href":"https:\/\/os-donji-kraljevec.skole.hr\/index.php?rest_route=%2Fwp%2Fv2%2Ftags&post=303244"}],"curies":[{"name":"wp","href":"https:\/\/api.w.org\/{rel}","templated":true}]}}