{"id":299859,"date":"2025-12-08T21:26:06","date_gmt":"2025-12-08T20:26:06","guid":{"rendered":"https:\/\/os-donji-kraljevec.skole.hr\/?p=299859"},"modified":"2025-12-08T21:26:07","modified_gmt":"2025-12-08T20:26:07","slug":"medni-dan","status":"publish","type":"post","link":"https:\/\/os-donji-kraljevec.skole.hr\/?p=299859","title":{"rendered":"Medni dan"},"content":{"rendered":"\n<p>Dana 8.12.obilje\u017eava se Medni dan, te su u\u010denici 1.razreda sa svojom u\u010diteljicom imali projektni dan na temu Mednog dana. Upoznali va\u017enost p\u010dela, nau\u010dili kako se proizvodi med, za\u0161to su p\u010dele va\u017ene, vje\u017ebali \u010ditati kratke pri\u010de o p\u010delama i medu kao i zbrajati i oduzimati s mednim motivima. Uz to, degustirali su doma\u0107i med koji je donirala majka jednog u\u010denika.<\/p>\n\n\n\n<p>Dan su zaokru\u017eili diplomama o pohvali ste\u010denog znanja o p\u010delama i prigodnim poklonom ministarstva.<\/p>\n\n\n\n<p><\/p>\n\n\n\n<p>U\u010diteljica: Patricia Pavlic<\/p>\n\n\n\n<p><\/p>\n\n\n<ul class=\"filebird-block-filebird-gallery layout-grid columns-2 is-cropped\" style=\"--columns: 2;--space: 0px;--min-width: 0px;\"><li class=\"blocks-gallery-item fb-block-hover-animation-none\"><figure><img decoding=\"async\" width=\"810\" height=\"1080\" src=\"https:\/\/os-donji-kraljevec.skole.hr\/wp-content\/uploads\/sites\/428\/2025\/12\/unnamed-1.jpg\" alt=\"unnamed (1)\" class=\"wp-image-299874\" srcset=\"https:\/\/os-donji-kraljevec.skole.hr\/wp-content\/uploads\/sites\/428\/2025\/12\/unnamed-1.jpg 810w, https:\/\/os-donji-kraljevec.skole.hr\/wp-content\/uploads\/sites\/428\/2025\/12\/unnamed-1-480x640.jpg 480w\" sizes=\"(min-width: 0px) and (max-width: 480px) 480px, (min-width: 481px) 810px, 100vw\" \/><\/figure><\/li><li class=\"blocks-gallery-item fb-block-hover-animation-none\"><figure><img decoding=\"async\" width=\"810\" height=\"1080\" src=\"https:\/\/os-donji-kraljevec.skole.hr\/wp-content\/uploads\/sites\/428\/2025\/12\/unnamed.jpg\" alt=\"unnamed\" class=\"wp-image-299871\" srcset=\"https:\/\/os-donji-kraljevec.skole.hr\/wp-content\/uploads\/sites\/428\/2025\/12\/unnamed.jpg 810w, https:\/\/os-donji-kraljevec.skole.hr\/wp-content\/uploads\/sites\/428\/2025\/12\/unnamed-480x640.jpg 480w\" sizes=\"(min-width: 0px) and (max-width: 480px) 480px, (min-width: 481px) 810px, 100vw\" \/><\/figure><\/li><li class=\"blocks-gallery-item fb-block-hover-animation-none\"><figure><img decoding=\"async\" width=\"810\" height=\"1080\" src=\"https:\/\/os-donji-kraljevec.skole.hr\/wp-content\/uploads\/sites\/428\/2025\/12\/unnamed-2.jpg\" alt=\"unnamed (2)\" class=\"wp-image-299868\" srcset=\"https:\/\/os-donji-kraljevec.skole.hr\/wp-content\/uploads\/sites\/428\/2025\/12\/unnamed-2.jpg 810w, https:\/\/os-donji-kraljevec.skole.hr\/wp-content\/uploads\/sites\/428\/2025\/12\/unnamed-2-480x640.jpg 480w\" sizes=\"(min-width: 0px) and (max-width: 480px) 480px, (min-width: 481px) 810px, 100vw\" \/><\/figure><\/li><li class=\"blocks-gallery-item fb-block-hover-animation-none\"><figure><img decoding=\"async\" width=\"1440\" height=\"1080\" src=\"https:\/\/os-donji-kraljevec.skole.hr\/wp-content\/uploads\/sites\/428\/2025\/12\/unnamed-3.jpg\" alt=\"unnamed (3)\" class=\"wp-image-299865\" srcset=\"https:\/\/os-donji-kraljevec.skole.hr\/wp-content\/uploads\/sites\/428\/2025\/12\/unnamed-3.jpg 1440w, https:\/\/os-donji-kraljevec.skole.hr\/wp-content\/uploads\/sites\/428\/2025\/12\/unnamed-3-1280x960.jpg 1280w, https:\/\/os-donji-kraljevec.skole.hr\/wp-content\/uploads\/sites\/428\/2025\/12\/unnamed-3-980x735.jpg 980w, https:\/\/os-donji-kraljevec.skole.hr\/wp-content\/uploads\/sites\/428\/2025\/12\/unnamed-3-480x360.jpg 480w\" sizes=\"(min-width: 0px) and (max-width: 480px) 480px, (min-width: 481px) and (max-width: 980px) 980px, (min-width: 981px) and (max-width: 1280px) 1280px, (min-width: 1281px) 1440px, 100vw\" \/><\/figure><\/li><li class=\"blocks-gallery-item fb-block-hover-animation-none\"><figure><img decoding=\"async\" width=\"1600\" height=\"1200\" src=\"https:\/\/os-donji-kraljevec.skole.hr\/wp-content\/uploads\/sites\/428\/2025\/12\/unnamed-4.jpg\" alt=\"unnamed (4)\" class=\"wp-image-299862\" srcset=\"https:\/\/os-donji-kraljevec.skole.hr\/wp-content\/uploads\/sites\/428\/2025\/12\/unnamed-4.jpg 1600w, https:\/\/os-donji-kraljevec.skole.hr\/wp-content\/uploads\/sites\/428\/2025\/12\/unnamed-4-1280x960.jpg 1280w, https:\/\/os-donji-kraljevec.skole.hr\/wp-content\/uploads\/sites\/428\/2025\/12\/unnamed-4-980x735.jpg 980w, https:\/\/os-donji-kraljevec.skole.hr\/wp-content\/uploads\/sites\/428\/2025\/12\/unnamed-4-480x360.jpg 480w\" sizes=\"(min-width: 0px) and (max-width: 480px) 480px, (min-width: 481px) and (max-width: 980px) 980px, (min-width: 981px) and (max-width: 1280px) 1280px, (min-width: 1281px) 1600px, 100vw\" \/><\/figure><\/li><\/ul>","protected":false},"excerpt":{"rendered":"<p>Dana 8.12.obilje\u017eava se Medni dan, te su u\u010denici 1.razreda sa svojom u\u010diteljicom imali projektni dan na temu Mednog dana. Upoznali va\u017enost p\u010dela, nau\u010dili kako se proizvodi med, za\u0161to su p\u010dele va\u017ene, vje\u017ebali \u010ditati kratke pri\u010de o p\u010delama i medu kao i zbrajati i oduzimati s mednim motivima. Uz to, degustirali su doma\u0107i med koji je [&hellip;]<\/p>\n","protected":false},"author":446,"featured_media":299862,"comment_status":"closed","ping_status":"closed","sticky":false,"template":"","format":"standard","meta":{"_et_pb_use_builder":"off","_et_pb_old_content":"","_et_gb_content_width":"","footnotes":""},"categories":[38],"tags":[],"class_list":["post-299859","post","type-post","status-publish","format-standard","has-post-thumbnail","hentry","category-vijesti"],"_links":{"self":[{"href":"https:\/\/os-donji-kraljevec.skole.hr\/index.php?rest_route=\/wp\/v2\/posts\/299859","targetHints":{"allow":["GET"]}}],"collection":[{"href":"https:\/\/os-donji-kraljevec.skole.hr\/index.php?rest_route=\/wp\/v2\/posts"}],"about":[{"href":"https:\/\/os-donji-kraljevec.skole.hr\/index.php?rest_route=\/wp\/v2\/types\/post"}],"author":[{"embeddable":true,"href":"https:\/\/os-donji-kraljevec.skole.hr\/index.php?rest_route=\/wp\/v2\/users\/446"}],"replies":[{"embeddable":true,"href":"https:\/\/os-donji-kraljevec.skole.hr\/index.php?rest_route=%2Fwp%2Fv2%2Fcomments&post=299859"}],"version-history":[{"count":1,"href":"https:\/\/os-donji-kraljevec.skole.hr\/index.php?rest_route=\/wp\/v2\/posts\/299859\/revisions"}],"predecessor-version":[{"id":299877,"href":"https:\/\/os-donji-kraljevec.skole.hr\/index.php?rest_route=\/wp\/v2\/posts\/299859\/revisions\/299877"}],"wp:featuredmedia":[{"embeddable":true,"href":"https:\/\/os-donji-kraljevec.skole.hr\/index.php?rest_route=\/wp\/v2\/media\/299862"}],"wp:attachment":[{"href":"https:\/\/os-donji-kraljevec.skole.hr\/index.php?rest_route=%2Fwp%2Fv2%2Fmedia&parent=299859"}],"wp:term":[{"taxonomy":"category","embeddable":true,"href":"https:\/\/os-donji-kraljevec.skole.hr\/index.php?rest_route=%2Fwp%2Fv2%2Fcategories&post=299859"},{"taxonomy":"post_tag","embeddable":true,"href":"https:\/\/os-donji-kraljevec.skole.hr\/index.php?rest_route=%2Fwp%2Fv2%2Ftags&post=299859"}],"curies":[{"name":"wp","href":"https:\/\/api.w.org\/{rel}","templated":true}]}}