{"id":296991,"date":"2025-04-09T08:15:07","date_gmt":"2025-04-09T06:15:07","guid":{"rendered":"https:\/\/os-donji-kraljevec.skole.hr\/?p=296991"},"modified":"2025-04-10T09:32:55","modified_gmt":"2025-04-10T07:32:55","slug":"donacija-novih-koseva","status":"publish","type":"post","link":"https:\/\/os-donji-kraljevec.skole.hr\/?p=296991","title":{"rendered":"Donacija novih ko\u0161eva"},"content":{"rendered":"\n<p>Vije\u0107e roditelja O\u0160 Donji Kraljevec ove godine sudjeluje u obilje\u017eavanju godi\u0161njice \u0160kole i \u017eeli dati svoj doprinos ure\u0111enju \u0161kolskog dvori\u0161ta. Zbog toga je potaknulo inicijativu za izmjenu ru\u017enih i dotrajalih postoje\u0107ih ko\u0161eva za otpad. Ravnateljica Osnovne \u0161kole Donji Kraljevec Sandra Vlahek zamolila poduze\u0107e Tehnix&nbsp;d.o.o. za&nbsp;donaciju novih ko\u0161eva. Poduze\u0107e Tehnix, koje je ujedno i kum Me\u0111unarodne eko-\u0161kole&nbsp; Donji Kraljevec, pokazalo je razumijevanje i spremnost za pomo\u0107 \u0160koli te je doniralo 5 prekrasnih novih ko\u0161eva.<\/p>\n\n\n\n<p>Primopredaja novih, modernih i estetski vrlo privla\u010dnih ko\u0161eva obavljena je u ponedjeljak 8.4.2025. Na njoj su sudjelovali direktori poduze\u0107a Tehnix d.o.o., predstavnice Vije\u0107a roditelja O\u0160 Donji Kraljevec i ravnateljica \u0161kole. Bila je to prilika&nbsp; za razgovor o \u0161koli, o daljnjoj suradnji s poduze\u0107em te o profesionalnoj orijentaciji u\u010denika.<\/p>\n\n\n\n<p>Veliko hvala u ime svih djelatnika i u\u010denika O\u0160 Donji Kraljevec na ovoj korisnoj i lijepoj donaciji!<\/p>\n\n\n\n<p><a href=\"https:\/\/medjimurski.hr\/suradnja-za-cisci-okolis-tehnix-darovao-os-donji-kraljevec-5-novih-koseva\/?fbclid=IwY2xjawJjmLNleHRuA2FlbQIxMQABHvUnLnm3-CF_IE4sVj0m7prPGkmWv9oTV8Tp-NK3dSavgBr4ehBmyqsGXYrS_aem_YoKpMWrOlt-GoxkDJ6bcgA&amp;sfnsn=mo\">medjimurski.hr<\/a><\/p>\n\n\n\n<p><a href=\"https:\/\/emedjimurje.net.hr\/vijesti\/skolski-kutak\/3060131\/os-donji-kraljevec-stari-i-dotrajali-kosevi-za-smece-zamijenjeni-novim-i-modernim\/\">emedjimurje<\/a><\/p>\n\n\n\n<p>Ravnateljica: Sandra Vlahek<\/p>\n\n\n\n<p><\/p>\n\n\n\n<figure class=\"wp-block-image size-large\"><img decoding=\"async\" width=\"1024\" height=\"768\" src=\"https:\/\/os-donji-kraljevec.skole.hr\/wp-content\/uploads\/sites\/428\/2025\/04\/IMG-9dbd73025ce3664e6cbc52c9d024463a-V-1024x768.jpg\" alt=\"\" class=\"wp-image-296994\" srcset=\"https:\/\/os-donji-kraljevec.skole.hr\/wp-content\/uploads\/sites\/428\/2025\/04\/IMG-9dbd73025ce3664e6cbc52c9d024463a-V-980x735.jpg 980w, https:\/\/os-donji-kraljevec.skole.hr\/wp-content\/uploads\/sites\/428\/2025\/04\/IMG-9dbd73025ce3664e6cbc52c9d024463a-V-480x360.jpg 480w\" sizes=\"(min-width: 0px) and (max-width: 480px) 480px, (min-width: 481px) and (max-width: 980px) 980px, (min-width: 981px) 1024px, 100vw\" \/><\/figure>\n\n\n\n<figure class=\"wp-block-image size-large\"><img decoding=\"async\" width=\"1024\" height=\"768\" src=\"https:\/\/os-donji-kraljevec.skole.hr\/wp-content\/uploads\/sites\/428\/2025\/04\/IMG-598251ed0cd58e0334c824a9c811ea75-V-1024x768.jpg\" alt=\"\" class=\"wp-image-296997\" srcset=\"https:\/\/os-donji-kraljevec.skole.hr\/wp-content\/uploads\/sites\/428\/2025\/04\/IMG-598251ed0cd58e0334c824a9c811ea75-V-980x735.jpg 980w, https:\/\/os-donji-kraljevec.skole.hr\/wp-content\/uploads\/sites\/428\/2025\/04\/IMG-598251ed0cd58e0334c824a9c811ea75-V-480x360.jpg 480w\" sizes=\"(min-width: 0px) and (max-width: 480px) 480px, (min-width: 481px) and (max-width: 980px) 980px, (min-width: 981px) 1024px, 100vw\" \/><\/figure>\n","protected":false},"excerpt":{"rendered":"<p>Vije\u0107e roditelja O\u0160 Donji Kraljevec ove godine sudjeluje u obilje\u017eavanju godi\u0161njice \u0160kole i \u017eeli dati svoj doprinos ure\u0111enju \u0161kolskog dvori\u0161ta. Zbog toga je potaknulo inicijativu za izmjenu ru\u017enih i dotrajalih postoje\u0107ih ko\u0161eva za otpad. Ravnateljica Osnovne \u0161kole Donji Kraljevec Sandra Vlahek zamolila poduze\u0107e Tehnix&nbsp;d.o.o. za&nbsp;donaciju novih ko\u0161eva. Poduze\u0107e Tehnix, koje je ujedno i kum Me\u0111unarodne [&hellip;]<\/p>\n","protected":false},"author":446,"featured_media":296994,"comment_status":"closed","ping_status":"closed","sticky":false,"template":"","format":"standard","meta":{"_et_pb_use_builder":"off","_et_pb_old_content":"","_et_gb_content_width":"","footnotes":""},"categories":[38],"tags":[],"class_list":["post-296991","post","type-post","status-publish","format-standard","has-post-thumbnail","hentry","category-vijesti"],"_links":{"self":[{"href":"https:\/\/os-donji-kraljevec.skole.hr\/index.php?rest_route=\/wp\/v2\/posts\/296991","targetHints":{"allow":["GET"]}}],"collection":[{"href":"https:\/\/os-donji-kraljevec.skole.hr\/index.php?rest_route=\/wp\/v2\/posts"}],"about":[{"href":"https:\/\/os-donji-kraljevec.skole.hr\/index.php?rest_route=\/wp\/v2\/types\/post"}],"author":[{"embeddable":true,"href":"https:\/\/os-donji-kraljevec.skole.hr\/index.php?rest_route=\/wp\/v2\/users\/446"}],"replies":[{"embeddable":true,"href":"https:\/\/os-donji-kraljevec.skole.hr\/index.php?rest_route=%2Fwp%2Fv2%2Fcomments&post=296991"}],"version-history":[{"count":4,"href":"https:\/\/os-donji-kraljevec.skole.hr\/index.php?rest_route=\/wp\/v2\/posts\/296991\/revisions"}],"predecessor-version":[{"id":297024,"href":"https:\/\/os-donji-kraljevec.skole.hr\/index.php?rest_route=\/wp\/v2\/posts\/296991\/revisions\/297024"}],"wp:featuredmedia":[{"embeddable":true,"href":"https:\/\/os-donji-kraljevec.skole.hr\/index.php?rest_route=\/wp\/v2\/media\/296994"}],"wp:attachment":[{"href":"https:\/\/os-donji-kraljevec.skole.hr\/index.php?rest_route=%2Fwp%2Fv2%2Fmedia&parent=296991"}],"wp:term":[{"taxonomy":"category","embeddable":true,"href":"https:\/\/os-donji-kraljevec.skole.hr\/index.php?rest_route=%2Fwp%2Fv2%2Fcategories&post=296991"},{"taxonomy":"post_tag","embeddable":true,"href":"https:\/\/os-donji-kraljevec.skole.hr\/index.php?rest_route=%2Fwp%2Fv2%2Ftags&post=296991"}],"curies":[{"name":"wp","href":"https:\/\/api.w.org\/{rel}","templated":true}]}}